{"id":2307,"date":"2020-02-08T11:33:44","date_gmt":"2020-02-08T10:33:44","guid":{"rendered":"https:\/\/www.kompikownia.pl\/?p=2307"},"modified":"2020-02-08T11:34:32","modified_gmt":"2020-02-08T10:34:32","slug":"praca-studia-korepetycje-i-czas-wolny-jak-to-polaczylem","status":"publish","type":"post","link":"https:\/\/www.kompikownia.pl\/index.php\/2020\/02\/08\/praca-studia-korepetycje-i-czas-wolny-jak-to-polaczylem\/","title":{"rendered":"Praca, studia, korepetycje i czas wolny &#8211; jak to po\u0142\u0105czy\u0142em?"},"content":{"rendered":"<span class=\"rt-reading-time\" style=\"display: block;\"><span class=\"rt-label rt-prefix\">Czas czytania:<\/span> <span class=\"rt-time\">5<\/span> <span class=\"rt-label rt-postfix\">minut<\/span><\/span>\n<p>Pierwszy raz od kilku tygodni loguj\u0119 si\u0119 do konsoli WordPress. Patrz\u0119 na dat\u0119 ostatniego stworzonego przeze mnie wpisu &#8211; 26 wrze\u015bnia 2019 r. A wi\u0119c min\u0119\u0142o ponad 4 miesi\u0105ce od mojej ostatniej aktywno\u015bci &#8230; Niekt\u00f3rzy z was mogli uzna\u0107, \u017ce po prostu porzuci\u0142em projekt prowadzenia bloga&#8230; Niestety, to nie brak ch\u0119ci, a o wiele bardziej dokuczliwy brak czasu doprowadzi\u0142 do czasowego wstrzymania mojej aktywno\u015bci w Internecie. Co takiego zmieni\u0142o si\u0119 w moim \u017cyciu, \u017ce na jaki\u015b czas porzuci\u0142em jedno z najbardziej wci\u0105gaj\u0105cych mnie zaj\u0119\u0107?<\/p>\n\n\n\n<h2 class=\"wp-block-heading\">Najci\u0119\u017cszy semestr studi\u00f3w<\/h2>\n\n\n\n<figure class=\"wp-block-image\"><img loading=\"lazy\" decoding=\"async\" width=\"1280\" height=\"853\" src=\"https:\/\/www.kompikownia.pl\/wp-content\/uploads\/2020\/02\/books-933333_1280.jpg\" alt=\"\" class=\"wp-image-2331\"\/><\/figure>\n\n\n\n<p>Semestr V na Politechnice \u015awi\u0119tokrzyskiej jest zdecydowanie najwi\u0119kszym wyzwaniem dla mnie. \u015awiadcz\u0105 o tym nie tylko trudne przedmioty i wymagaj\u0105cy wyk\u0142adowcy, ale tak\u017ce ilo\u015b\u0107 zaj\u0119\u0107. Patrz\u0105c na <a href=\"https:\/\/weaii.tu.kielce.pl\/weaii\/studia\/katalog-studiow\/informatyka\/studia-stacjonarne-i-stopnia-informatyka\/#Sem6\">syllabusa<\/a>, obecny semestr to 435 godzin zaj\u0119\u0107 (w rzeczywisto\u015bci nieco mniej, gdy\u017c na zaj\u0119cia projektowe nie chodzi si\u0119 co tydzie\u0144\/dwa, a zwykle raz w miesi\u0105cu). Jest to o 75 godzin zaj\u0119\u0107 wi\u0119cej ni\u017c w poprzednim, IV semestrze. <\/p>\n\n\n\n<p>Postanowi\u0142em te\u017c nieco zaszale\u0107 i wybra\u0142em najtrudniejszy mo\u017cliwy profil: Systemy informacyjne. Gdybym poszed\u0142 na Sieci komputerowe, z pewno\u015bci\u0105 uzyska\u0142bym (ze wzgl\u0119du na posiadanie certyfikatu CISCO CCENT) zwolnienie z kilku przedmiot\u00f3w. Mia\u0142bym wtedy wi\u0119cej wolnego czasu &#8211; lecz zdecydowanie mniejsz\u0105 satysfakcj\u0119 z przetrwania tego okresu \ud83d\ude42 <\/p>\n\n\n\n<p>Dla ciekawskich, m\u00f3j plan wygl\u0105da tak: <\/p>\n\n\n\n<figure class=\"wp-block-image\"><img loading=\"lazy\" decoding=\"async\" width=\"1836\" height=\"718\" src=\"https:\/\/www.kompikownia.pl\/wp-content\/uploads\/2020\/01\/image.png\" alt=\"\" class=\"wp-image-2316\"\/><\/figure>\n\n\n\n<p>Taki nat\u0142ok zaj\u0119\u0107 to wyj\u0119te z \u017cycia \u015brednio kilka godzin. Ponadto, istnieje jeszcze jedna zasadnicza r\u00f3\u017cnica mi\u0119dzy tym a poprzednimi semestrami. Praktycznie na ka\u017cdy przedmiot musz\u0119 si\u0119 w mniejszym lub wi\u0119kszym stopniu przygotowa\u0107 &#8211; g\u0142\u00f3wnie ze wzgl\u0119du na wej\u015bci\u00f3wki.<\/p>\n\n\n\n<p>\u015arednio na zaj\u0119ciach przebywam 4 godziny dziennie (tak, na te oznaczone kolorem niebieskim ze wzgl\u0119du na brak czasu nie chodz\u0119). Zdecydowanie gorsze s\u0105 tygodnie parzyste, w kt\u00f3rych nast\u0119puje kumulacja najci\u0119\u017cszych przedmiot\u00f3w. <\/p>\n\n\n\n<p><strong>Suma zagospodarowanego czasu: 4 godziny<\/strong><\/p>\n\n\n\n<h2 class=\"wp-block-heading\">Praca jako programista<\/h2>\n\n\n\n<figure class=\"wp-block-image\"><img loading=\"lazy\" decoding=\"async\" width=\"1280\" height=\"853\" src=\"https:\/\/www.kompikownia.pl\/wp-content\/uploads\/2020\/02\/woman-3597095_1280.jpg\" alt=\"\" class=\"wp-image-2332\"\/><\/figure>\n\n\n\n<p>O rozpocz\u0119ciu pracy zarobkowej my\u015bla\u0142em ju\u017c od dawna. Praktyki i sta\u017c da\u0142y mi pierwsze do\u015bwiadczenie komercyjne. Mia\u0142em powa\u017cny dylemat, czy dam rad\u0119 pogodzi\u0107 wszystko ze sob\u0105. Ostatecznie podj\u0105\u0142em decyzj\u0119 \u017ce zaryzykuj\u0119. Z\u0142o\u017cy\u0142em CV do wielu firm. Ostatecznie wybra\u0142em prac\u0119 w kieleckim oddziale firmy Comarch. Pracuj\u0119 jako programista Java ju\u017c 5 miesi\u0105c. Nabra\u0142em wprawy nie tylko w programowaniu w Javie, ale tak\u017ce w innych dziedzinach, takich jak bazy danych Oracle czy front-end (Javascript oraz frameworki takie jak Angular czy dojo). <\/p>\n\n\n\n<p>Samej pracy po\u015bwi\u0119c\u0119 kiedy\u015b oddzielny wpis. Dzisiaj chc\u0119 si\u0119 skupi\u0107 jedynie na moim &#8222;pracoholizmie&#8221;. <\/p>\n\n\n\n<p>Podj\u0105\u0142em zatrudnienie na 3\/4 etatu. Godziny pracy mam bardzo elastyczne &#8211; mog\u0119 wpada\u0107 do pracy o dowolnej porze &#8211; kiedy tylko mam wolny czas. Jedyny warunek jaki na mnie ci\u0105\u017cy to przebywanie na terenie firmy przez odpowiedni\u0105 ilo\u015b\u0107 godzin (3\/4 etatu, jak \u0142atwo policzy\u0107 to \u015brednio 30 godzin tygodniowo czyli 120 godzin miesi\u0119cznie).<\/p>\n\n\n\n<p><strong>Suma zagospodarowanego czasu: 4+6=10 godzin<\/strong><\/p>\n\n\n\n<h2 class=\"wp-block-heading\">Pomoc innym studentom &#8211; korepetycje<\/h2>\n\n\n\n<figure class=\"wp-block-image\"><img loading=\"lazy\" decoding=\"async\" width=\"1280\" height=\"853\" src=\"https:\/\/www.kompikownia.pl\/wp-content\/uploads\/2020\/02\/school-buses-2801134_1280.jpg\" alt=\"\" class=\"wp-image-2333\"\/><\/figure>\n\n\n\n<p>Lubi\u0119 nie\u015b\u0107 pomoc innym. Jest to jedna z moich pasji. Tote\u017c i w tym semestrze nie mog\u0142o tego zabrakn\u0105\u0107. Pomagam g\u0142\u00f3wnie w realizacji projekt\u00f3w zwi\u0105zanych z programem. Przedmiotem, z kt\u00f3rego najbardziej lubi\u0119 pomaga\u0107 innym jest Architektura System\u00f3w Komputerowych &#8211; jeden z najtrudniejszych przedmiot\u00f3w na P\u015bK (g\u0142\u00f3wnie pod k\u0105tem projektu). <\/p>\n\n\n\n<p>Kiedy znajduj\u0119 na to czas? W tygodnie nieparzyste mia\u0142em zwykle 2-4h wolnego czasu w pi\u0105tek. W takim wypadku przychodzi\u0142em do pracy na 12 i siedzia\u0142em do 18-20. Je\u015bli natomiast nie uda\u0142o mi si\u0119 znale\u017a\u0107 czasu na spotkanie z moimi &#8222;uczniami&#8221;, to umawiali\u015bmy si\u0119 zwykle na rozmow\u0119 przez Messenger\/Discord (oczywi\u015bcie wieczorem). <\/p>\n\n\n\n<p>W ci\u0105gu tego semestru pomog\u0142em w realizacji kilkunastu projekt\u00f3w z Architektury System\u00f3w Komputerowych. 99% zespo\u0142\u00f3w zaliczy\u0142o przedmiot, a kilka z nich dosta\u0142o ocen\u0119 wy\u017csz\u0105 ni\u017c 3 :). <\/p>\n\n\n\n<p>Pomog\u0142em tak\u017ce w realizacji jednego projektu z programowania, kt\u00f3ry ostatecznie zosta\u0142 obroniony na 4+. <\/p>\n\n\n\n<p>Ile czasu zajmowa\u0142a mi ta dodatkowa aktywno\u015b\u0107? W zale\u017cno\u015bci od tygodnia, od 2 do 6h tygodniowo. Mog\u0119 wi\u0119c powiedzie\u0107, \u017ce \u015brednio sp\u0119dza\u0142em na pomocy innym 1 godzin\u0119 dziennie.<\/p>\n\n\n\n<p><strong>Suma zagospodarowanego czasu: 10+1=11 godzin<\/strong><\/p>\n\n\n\n<h2 class=\"wp-block-heading\">Kondycja fizyczna<\/h2>\n\n\n\n<figure class=\"wp-block-image\"><img loading=\"lazy\" decoding=\"async\" width=\"1280\" height=\"850\" src=\"https:\/\/www.kompikownia.pl\/wp-content\/uploads\/2020\/02\/men-1245982_1280.jpg\" alt=\"\" class=\"wp-image-2334\"\/><\/figure>\n\n\n\n<p>Praca przy komputerze nie s\u0142u\u017cy kondycji fizycznej i zdrowiu. Obecnie przy komputerze sp\u0119dzam ponad 8h dziennie. Pierwszy raz od urodzenia musz\u0119 czasami stosowa\u0107 krople nawil\u017caj\u0105ce. <\/p>\n\n\n\n<p>Jeszcze w poprzednim roku zauwa\u017cy\u0142em, \u017ce moja kondycja fizyczna nie jest taka, jakiej bym oczekiwa\u0142. Wobec tego postawi\u0142em przed sob\u0105 jeden wymagaj\u0105cy cel: &#8211; wzi\u0105\u0107 udzia\u0142 w Biegu Niepodleg\u0142o\u015bci 2020. Ze wzgl\u0119du na kiepsk\u0105 pogod\u0119 wol\u0119 obecnie trenowa\u0107 na si\u0142owni ni\u017c w terenie. Wykupi\u0142em wi\u0119c karnet.<\/p>\n\n\n\n<p>Chodz\u0119 na si\u0142owni\u0119 trzy razy w tygodniu. Sp\u0119dzam na niej \u015brednio dwie godziny. W tygodniu jest to 6 godzin, czyli oko\u0142o godzina dziennie. <\/p>\n\n\n\n<p><strong>Suma zagospodarowanego czasu: 11+1=12 godzin<\/strong><\/p>\n\n\n\n<h3 class=\"wp-block-heading\"> Czas zmarnowany &#8211; przemieszczanie si\u0119, sklepy<\/h3>\n\n\n\n<figure class=\"wp-block-image\"><img loading=\"lazy\" decoding=\"async\" width=\"1280\" height=\"853\" src=\"https:\/\/www.kompikownia.pl\/wp-content\/uploads\/2020\/02\/bananas-698608_1280.jpg\" alt=\"\" class=\"wp-image-2335\"\/><\/figure>\n\n\n\n<p>Du\u017c\u0105 ilo\u015b\u0107 czasu marnuj\u0119 na przemieszczanie si\u0119 z punktu A do punktu B. Przej\u015bcie z siedziby firmy na Politechnik\u0119 \u015awi\u0119tokrzysk\u0105 zajmuje oko\u0142o 30 min. Zdarza si\u0119, \u017ce musz\u0119 wykona\u0107 dziennie dwa takie kursy. Jest to dodatkowa godzina, kt\u00f3ra ucieka z mojego \u017cycia. <\/p>\n\n\n\n<p>Do zmarnowanego czasu musz\u0119 doliczy\u0107 tak\u017ce robienie zakup\u00f3w. Wlicza si\u0119 w to nie tylko wa\u0142\u0119sanie si\u0119 po sklepie, ale tak\u017ce doj\u015bcie do niego i wr\u00f3cenie z powrotem do akademika. Zwykle zajmuje mi to oko\u0142o godzin\u0119 czasu. Lubi\u0119 wydawa\u0107 jak najmniej, wi\u0119c czasem odwiedzam wi\u0119cej ni\u017c jeden sklep. Rzadko kiedy robi\u0119 zakupy wi\u0119cej ni\u017c na jeden dzie\u0144, wi\u0119c taki kurs wykonuj\u0119 codziennie. <\/p>\n\n\n\n<p><strong>Suma zagospodarowanego czasu: 12+3=15 godzin<\/strong><\/p>\n\n\n\n<h3 class=\"wp-block-heading\">Czas wolny i sen<\/h3>\n\n\n\n<figure class=\"wp-block-image\"><img loading=\"lazy\" decoding=\"async\" width=\"1280\" height=\"850\" src=\"https:\/\/www.kompikownia.pl\/wp-content\/uploads\/2020\/02\/cat-2605502_1280.jpg\" alt=\"\" class=\"wp-image-2336\"\/><\/figure>\n\n\n\n<p>Podsumowuj\u0105c na inne czynno\u015bci zostaje mi <strong>9 godzin.<\/strong> Oko\u0142o trzy godziny spo\u015br\u00f3d pozosta\u0142ego czasu przeznaczam albo na samorozw\u00f3j i nauk\u0119, albo na rozrywk\u0119 (zwykle jak\u0105\u015b ma\u0142o wymagaj\u0105c\u0105 &#8211; obejrzenie czego\u015b na Youtube czy nieanga\u017cuj\u0105ce zbytnio umys\u0142u gry). <\/p>\n\n\n\n<p>Na sen zostaje \u015brednio <strong>6 godzin. <\/strong>Po kilku miesi\u0105cach \u017cycia w takim rytmie odczuwam, \u017ce to stanowczo za ma\u0142o jak na potrzeby mojego organizmu. Cz\u0119sto przez kilka pierwszych godzin dnia czuj\u0119 si\u0119 lekko &#8222;nieprzytomny&#8221;, ale nie jest to ostatecznie bardzo dokuczliwe. <\/p>\n\n\n\n<h2 class=\"wp-block-heading\">Praca i studia dzienne &#8211; czy warto?<\/h2>\n\n\n\n<p>Po\u0142\u0105czenie pracy i studi\u00f3w dziennych &#8211; szczeg\u00f3lnie in\u017cynierki &#8211; wymaga troch\u0119 silnej woli. Je\u015bli nie chcesz ca\u0142kowicie &#8222;ola\u0107&#8221; jednej z tych dw\u00f3ch rzeczy, musisz po\u015bwi\u0119ci\u0107 sw\u00f3j czas wolny. Jak widzisz na moim przyk\u0142adzie, mo\u017cna znale\u017a\u0107 chwil\u0119 czasu nawet na podj\u0119cie dodatkowych aktywno\u015bci. Niemniej \u017cycie w takim rytmie wymaga naprawd\u0119 dobrej organizacji czasu i na d\u0142u\u017csz\u0105 met\u0119 jest niezwykle m\u0119cz\u0105ce. <\/p>\n","protected":false},"excerpt":{"rendered":"<p><span class=\"rt-reading-time\" style=\"display: block;\"><span class=\"rt-label rt-prefix\">Czas czytania:<\/span> <span class=\"rt-time\">5<\/span> <span class=\"rt-label rt-postfix\">minut<\/span><\/span> Pierwszy raz od kilku tygodni loguj\u0119 si\u0119 do konsoli WordPress. Patrz\u0119 na dat\u0119 ostatniego stworzonego przeze mnie wpisu &#8211; 26 wrze\u015bnia 2019 r. A wi\u0119c min\u0119\u0142o ponad 4 miesi\u0105ce od &#8230;<\/p>\n","protected":false},"author":1,"featured_media":2042,"comment_status":"open","ping_status":"open","sticky":false,"template":"","format":"standard","meta":{"_monsterinsights_skip_tracking":false,"_monsterinsights_sitenote_active":false,"_monsterinsights_sitenote_note":"","_monsterinsights_sitenote_category":0,"footnotes":""},"categories":[4,22],"tags":[92,94,93],"_links":{"self":[{"href":"https:\/\/www.kompikownia.pl\/index.php\/wp-json\/wp\/v2\/posts\/2307"}],"collection":[{"href":"https:\/\/www.kompikownia.pl\/index.php\/wp-json\/wp\/v2\/posts"}],"about":[{"href":"https:\/\/www.kompikownia.pl\/index.php\/wp-json\/wp\/v2\/types\/post"}],"author":[{"embeddable":true,"href":"https:\/\/www.kompikownia.pl\/index.php\/wp-json\/wp\/v2\/users\/1"}],"replies":[{"embeddable":true,"href":"https:\/\/www.kompikownia.pl\/index.php\/wp-json\/wp\/v2\/comments?post=2307"}],"version-history":[{"count":19,"href":"https:\/\/www.kompikownia.pl\/index.php\/wp-json\/wp\/v2\/posts\/2307\/revisions"}],"predecessor-version":[{"id":2344,"href":"https:\/\/www.kompikownia.pl\/index.php\/wp-json\/wp\/v2\/posts\/2307\/revisions\/2344"}],"wp:featuredmedia":[{"embeddable":true,"href":"https:\/\/www.kompikownia.pl\/index.php\/wp-json\/wp\/v2\/media\/2042"}],"wp:attachment":[{"href":"https:\/\/www.kompikownia.pl\/index.php\/wp-json\/wp\/v2\/media?parent=2307"}],"wp:term":[{"taxonomy":"category","embeddable":true,"href":"https:\/\/www.kompikownia.pl\/index.php\/wp-json\/wp\/v2\/categories?post=2307"},{"taxonomy":"post_tag","embeddable":true,"href":"https:\/\/www.kompikownia.pl\/index.php\/wp-json\/wp\/v2\/tags?post=2307"}],"curies":[{"name":"wp","href":"https:\/\/api.w.org\/{rel}","templated":true}]}}